{"id":129,"date":"2017-05-09T21:01:22","date_gmt":"2017-05-09T19:01:22","guid":{"rendered":"http:\/\/blog.karlroeser.com\/?p=129"},"modified":"2023-10-26T13:34:27","modified_gmt":"2023-10-26T11:34:27","slug":"vernissage-der-ausstellung-japan-kultur-und-aesthetik-im-weingut-kern","status":"publish","type":"post","link":"https:\/\/blog.karlroeser.com\/?p=129","title":{"rendered":"Vernissage der Ausstellung &#8222;Japan &#8211; Kultur und \u00c4sthetik&#8220; im Weingut Kern"},"content":{"rendered":"<div class=\"ce_colsetPart c50r col_2 last\">\n<div class=\"subcr\">\n<div class=\"ce_text block\">\n<h2>Weingut Wilhelm Kern: Offen und einladend<\/h2>\n<p class=\"p1\">Architektur, Gestaltung und Design sind wichtig. Am Wichtigsten bleiben aber die Menschen. Deshalb lenken wir mit unseren Geb\u00e4uden und R\u00e4umlichkeiten nicht vom eigentlichen Kern des Unternehmens ab. Und das sind wir und unsere Weine.<\/p>\n<p class=\"p1\">Mit dem Bau des neuen Weinkellers hatten wir die einmalige Gelegenheit alles individuell auf unsere Bed\u00fcrfnisse abzustimmen und zu gestalten. Wir haben mit aller Konsequenz die Schritte durchdacht und umgesetzt, die es uns erm\u00f6glichen unseren Weinen ihren unverwechselbaren Charakter zu verleihen.<\/p>\n<p class=\"p1\">Die Schn\u00f6rkellosigkeit, die unsere Weine und\u00a0 uns selbst ausmacht, findet sich auch in unseren R\u00e4umlichkeiten wieder. Gro\u00dfe und ungest\u00f6rte Fl\u00e4chen schaffen Ruhe und eine Stimmung der Entspannung und Gelassenheit.<\/p>\n<p class=\"p1\">Unser Unternehmen l\u00e4dt zum Ankommen, Entspannen und Verweilen ein. Hier d\u00fcrfen Sie sich beim Genuss unserer Weine eine kleine Auszeit vom Alltag g\u00f6nnen.<\/p>\n<p class=\"p1\"><strong><span class=\"s1\">2013: Unser Bau wurde mit dem Pr\u00e4dikat <\/span><span class=\"s2\"><a href=\"http:\/\/www.kern-weine.de\/presse\">H\u00f6hepunkt der Weinkultur<\/a><\/span><span class=\"s3\">\u00a0<\/span>ausgezeichnet<\/strong><\/p>\n<p class=\"p1\">Nicht nur die Architektur des Weinguts sind offen und einladend, auch das Kulturprogramm des Hauses l\u00e4dt zum Teilnehmen und Entspannen ein. Die heutige Vernissage der Fotoausstellung &#8222;Japan: Kultur und \u00c4sthetik&#8220; reiht sich ein in ein Portfolio von Ausstellungen, Lesungen und Vortr\u00e4gen, mit denen sich das Weingut seit seiner Er\u00f6ffnung einen Namen weit \u00fcber seinen Standort hinaus gemacht hat.<\/p>\n<\/div>\n<\/div>\n<\/div>\n","protected":false},"excerpt":{"rendered":"<p>Weingut Wilhelm Kern: Offen und einladend Architektur, Gestaltung und Design sind wichtig. Am Wichtigsten bleiben aber die Menschen. Deshalb lenken wir mit unseren Geb\u00e4uden und R\u00e4umlichkeiten nicht vom eigentlichen Kern des Unternehmens ab. Und das sind wir und unsere Weine. &hellip; <a href=\"https:\/\/blog.karlroeser.com\/?p=129\">Weiterlesen <span class=\"meta-nav\">&rarr;<\/span><\/a><\/p>\n","protected":false},"author":1,"featured_media":0,"comment_status":"open","ping_status":"open","sticky":false,"template":"","format":"standard","meta":{"ngg_post_thumbnail":0,"footnotes":""},"categories":[70],"tags":[],"class_list":["post-129","post","type-post","status-publish","format-standard","hentry","category-karofoto"],"_links":{"self":[{"href":"https:\/\/blog.karlroeser.com\/index.php?rest_route=\/wp\/v2\/posts\/129","targetHints":{"allow":["GET"]}}],"collection":[{"href":"https:\/\/blog.karlroeser.com\/index.php?rest_route=\/wp\/v2\/posts"}],"about":[{"href":"https:\/\/blog.karlroeser.com\/index.php?rest_route=\/wp\/v2\/types\/post"}],"author":[{"embeddable":true,"href":"https:\/\/blog.karlroeser.com\/index.php?rest_route=\/wp\/v2\/users\/1"}],"replies":[{"embeddable":true,"href":"https:\/\/blog.karlroeser.com\/index.php?rest_route=%2Fwp%2Fv2%2Fcomments&post=129"}],"version-history":[{"count":5,"href":"https:\/\/blog.karlroeser.com\/index.php?rest_route=\/wp\/v2\/posts\/129\/revisions"}],"predecessor-version":[{"id":136,"href":"https:\/\/blog.karlroeser.com\/index.php?rest_route=\/wp\/v2\/posts\/129\/revisions\/136"}],"wp:attachment":[{"href":"https:\/\/blog.karlroeser.com\/index.php?rest_route=%2Fwp%2Fv2%2Fmedia&parent=129"}],"wp:term":[{"taxonomy":"category","embeddable":true,"href":"https:\/\/blog.karlroeser.com\/index.php?rest_route=%2Fwp%2Fv2%2Fcategories&post=129"},{"taxonomy":"post_tag","embeddable":true,"href":"https:\/\/blog.karlroeser.com\/index.php?rest_route=%2Fwp%2Fv2%2Ftags&post=129"}],"curies":[{"name":"wp","href":"https:\/\/api.w.org\/{rel}","templated":true}]}}