{"id":1419,"date":"2018-12-14T21:47:41","date_gmt":"2018-12-14T19:47:41","guid":{"rendered":"http:\/\/blog.karlroeser.com\/?p=1419"},"modified":"2023-10-27T13:47:04","modified_gmt":"2023-10-27T11:47:04","slug":"japan","status":"publish","type":"post","link":"https:\/\/blog.karlroeser.com\/?p=1419","title":{"rendered":"Japan: Impressionen einer musikalischen Fotoreise"},"content":{"rendered":"\n<figure class=\"wp-block-image\"><a href=\"http:\/\/blog.karlroeser.com\/wp-content\/uploads\/2018\/12\/DSF0365.jpg\" data-rel=\"lightbox-image-0\" data-rl_title=\"\" data-rl_caption=\"\" title=\"\"><img loading=\"lazy\" decoding=\"async\" width=\"1024\" height=\"254\" src=\"http:\/\/blog.karlroeser.com\/wp-content\/uploads\/2018\/12\/DSF0365-1024x254.jpg\" alt=\"\" class=\"wp-image-1420\" srcset=\"https:\/\/blog.karlroeser.com\/wp-content\/uploads\/2018\/12\/DSF0365-1024x254.jpg 1024w, https:\/\/blog.karlroeser.com\/wp-content\/uploads\/2018\/12\/DSF0365-300x75.jpg 300w, https:\/\/blog.karlroeser.com\/wp-content\/uploads\/2018\/12\/DSF0365-768x191.jpg 768w, https:\/\/blog.karlroeser.com\/wp-content\/uploads\/2018\/12\/DSF0365.jpg 2000w\" sizes=\"auto, (max-width: 1024px) 100vw, 1024px\" \/><\/a><\/figure>\n\n\n\n<p class=\"has-medium-font-size\">Das Land ist ja bekanntermassen f\u00fcr uns beide eine \u201egrosse Liebe\u201c geworden. Deshalb haben wir uns im vergangenen Jahr (2018) auch wieder einen l\u00e4ngeren Aufenthalt dort geg\u00f6nnt.  Nach 10 Tagen, die ich mit meinem Nachbarn und  Fotofreund in Tokyo zubrachte, haben Hille und ich mit vielen Freunden aus Japan und Deutschland an der Auff\u00fchrung der 9. Symphonie von L.v.Beethoven in Naruto teilgenommen. Die Gastfreundschaft unserer japanischen Freunde und  vieler Anderer war \u00fcberw\u00e4ltigend<\/p>\n\n\n\n<figure class=\"wp-block-image\"><a href=\"http:\/\/blog.karlroeser.com\/wp-content\/uploads\/2018\/12\/DSF8660-Bearbeitet-1.jpg\" data-rel=\"lightbox-image-1\" data-rl_title=\"\" data-rl_caption=\"\" title=\"\"><img loading=\"lazy\" decoding=\"async\" width=\"1024\" height=\"390\" src=\"http:\/\/blog.karlroeser.com\/wp-content\/uploads\/2018\/12\/DSF8660-Bearbeitet-1-1024x390.jpg\" alt=\"\" class=\"wp-image-1421\" srcset=\"https:\/\/blog.karlroeser.com\/wp-content\/uploads\/2018\/12\/DSF8660-Bearbeitet-1-1024x390.jpg 1024w, https:\/\/blog.karlroeser.com\/wp-content\/uploads\/2018\/12\/DSF8660-Bearbeitet-1-300x114.jpg 300w, https:\/\/blog.karlroeser.com\/wp-content\/uploads\/2018\/12\/DSF8660-Bearbeitet-1-768x293.jpg 768w, https:\/\/blog.karlroeser.com\/wp-content\/uploads\/2018\/12\/DSF8660-Bearbeitet-1.jpg 2000w\" sizes=\"auto, (max-width: 1024px) 100vw, 1024px\" \/><\/a><\/figure>\n\n\n\n<p class=\"has-medium-font-size\">Hier eine Videoaufnahme vom Konzert, angelehnt an die historischen Bedingungen von 1918: Ausschlie\u00dflich&nbsp; M\u00e4nnerchor, kleines Orchester. Lustig beim Anschauen des Videos: nach etwa 1 min Laufzeit &#8222;entdeckt&#8220; der Kameramann, dass Europ\u00e4er doch gr\u00f6\u00dfer sind als Japaner &#8230;<\/p>\n\n\n\n<figure class=\"wp-block-embed is-type-video is-provider-youtube wp-block-embed-youtube wp-embed-aspect-16-9 wp-has-aspect-ratio\"><div class=\"wp-block-embed__wrapper\">\n<iframe loading=\"lazy\" title=\"\u7b2c\u4e5d\u30a2\u30b8\u30a2\u521d\u6f14100\u5e74\u300c\u3088\u307f\u304c\u3048\u308b\u7b2c\u4e5d\u300d\u6f14\u594f\u4f1a\u3000\u5fb3\u5cf6\u770c\u9cf4\u9580\u5e02\" width=\"584\" height=\"329\" src=\"https:\/\/www.youtube.com\/embed\/LJActK8x6w4?feature=oembed\" frameborder=\"0\" allow=\"accelerometer; autoplay; clipboard-write; encrypted-media; gyroscope; picture-in-picture; web-share\" referrerpolicy=\"strict-origin-when-cross-origin\" allowfullscreen><\/iframe>\n<\/div><\/figure>\n\n\n\n<p class=\"has-medium-font-size\">Und hier ein paar Fotoimpressionen von unserer Reise durch das Land: <\/p>\n\n\n\nngg_shortcode_0_placeholder\n\n\n\n<p><br><\/p>\n\n\n\n<p><\/p>\n","protected":false},"excerpt":{"rendered":"<p>Das Land ist ja bekanntermassen f\u00fcr uns beide eine \u201egrosse Liebe\u201c geworden. Deshalb haben wir uns im vergangenen Jahr (2018) auch wieder einen l\u00e4ngeren Aufenthalt dort geg\u00f6nnt. Nach 10 Tagen, die ich mit meinem Nachbarn und Fotofreund in Tokyo zubrachte, &hellip; <a href=\"https:\/\/blog.karlroeser.com\/?p=1419\">Weiterlesen <span class=\"meta-nav\">&rarr;<\/span><\/a><\/p>\n","protected":false},"author":1,"featured_media":0,"comment_status":"open","ping_status":"closed","sticky":false,"template":"","format":"standard","meta":{"ngg_post_thumbnail":0,"footnotes":""},"categories":[70],"tags":[],"class_list":["post-1419","post","type-post","status-publish","format-standard","hentry","category-karofoto"],"_links":{"self":[{"href":"https:\/\/blog.karlroeser.com\/index.php?rest_route=\/wp\/v2\/posts\/1419","targetHints":{"allow":["GET"]}}],"collection":[{"href":"https:\/\/blog.karlroeser.com\/index.php?rest_route=\/wp\/v2\/posts"}],"about":[{"href":"https:\/\/blog.karlroeser.com\/index.php?rest_route=\/wp\/v2\/types\/post"}],"author":[{"embeddable":true,"href":"https:\/\/blog.karlroeser.com\/index.php?rest_route=\/wp\/v2\/users\/1"}],"replies":[{"embeddable":true,"href":"https:\/\/blog.karlroeser.com\/index.php?rest_route=%2Fwp%2Fv2%2Fcomments&post=1419"}],"version-history":[{"count":14,"href":"https:\/\/blog.karlroeser.com\/index.php?rest_route=\/wp\/v2\/posts\/1419\/revisions"}],"predecessor-version":[{"id":5307,"href":"https:\/\/blog.karlroeser.com\/index.php?rest_route=\/wp\/v2\/posts\/1419\/revisions\/5307"}],"wp:attachment":[{"href":"https:\/\/blog.karlroeser.com\/index.php?rest_route=%2Fwp%2Fv2%2Fmedia&parent=1419"}],"wp:term":[{"taxonomy":"category","embeddable":true,"href":"https:\/\/blog.karlroeser.com\/index.php?rest_route=%2Fwp%2Fv2%2Fcategories&post=1419"},{"taxonomy":"post_tag","embeddable":true,"href":"https:\/\/blog.karlroeser.com\/index.php?rest_route=%2Fwp%2Fv2%2Ftags&post=1419"}],"curies":[{"name":"wp","href":"https:\/\/api.w.org\/{rel}","templated":true}]}}